{"provider_url": "https://www.saojosedopovo.mt.leg.br", "title": "Realiza\u00e7\u00e3o da \u00faltima Sess\u00e3o Ordin\u00e1ria", "html": "<p>Em observ\u00e2ncia ao calend\u00e1rio legislativo, se realizou na data de ontem (05/12/2024), a \u00faltima sess\u00e3o ordin\u00e1ria da 9\u00b0 Legislatura, onde constava em sua pauta a delibera\u00e7\u00e3o sobre as Contas Anuais de Governo e Gest\u00e3o do munic\u00edpio de S\u00e3o Jos\u00e9 do Povo, exerc\u00edcio 2023, a qual ap\u00f3s as devidas delibera\u00e7\u00f5es foi aprovada pelos nobres parlamentares. Sendo as mesmas aprovadas pelo Tribunal de Contas do Estado de Mato Grosso em seu Parecer Pr\u00e9vio n\u00ba 120/2024.</p>\r\n<p>Os vereadores aproveitaram a oportunidade para proferirem discursos de agradecimentos \u00e0 popula\u00e7\u00e3o pela confian\u00e7a depositada neles, durante o curso do mandato, e salientarem a o qu\u00e3o gratificante foi para eles estarem durante este per\u00edodo servindo \u00e0 comunidade.\u00a0</p>", "author_name": "", "version": "1.0", "author_url": "https://www.saojosedopovo.mt.leg.br/author/JGmaster", "provider_name": "C\u00e2mara Municipal de S\u00e3o Jos\u00e9 do Povo", "type": "rich"}